{"id":2786,"date":"2026-01-29T17:59:32","date_gmt":"2026-01-29T15:59:32","guid":{"rendered":"https:\/\/bikeport.no\/eu\/?p=2786"},"modified":"2026-03-27T15:42:32","modified_gmt":"2026-03-27T13:42:32","slug":"aragon-valencia-combo-sept-2026","status":"publish","type":"post","link":"https:\/\/bikeport.no\/eu\/aragon-valencia-combo-sept-2026\/","title":{"rendered":"Aragon+Valencia Combo Sept 29-Oct 5th, 2026"},"content":{"rendered":"<p><img loading=\"lazy\" decoding=\"async\" class=\"size-large wp-image-1845 alignnone\" src=\"https:\/\/bikeport.no\/eu\/wp-content\/uploads\/sites\/3\/2023\/11\/BP_Trailer_Valencia_Drone2-1024x373.jpg\" alt=\"\" width=\"1024\" height=\"373\" srcset=\"https:\/\/bikeport.no\/eu\/wp-content\/uploads\/sites\/3\/2023\/11\/BP_Trailer_Valencia_Drone2-1024x373.jpg 1024w, https:\/\/bikeport.no\/eu\/wp-content\/uploads\/sites\/3\/2023\/11\/BP_Trailer_Valencia_Drone2-980x357.jpg 980w, https:\/\/bikeport.no\/eu\/wp-content\/uploads\/sites\/3\/2023\/11\/BP_Trailer_Valencia_Drone2-480x175.jpg 480w\" sizes=\"(min-width: 0px) and (max-width: 480px) 480px, (min-width: 481px) and (max-width: 980px) 980px, (min-width: 981px) 1024px, 100vw\" \/><\/p>\n<h4><strong>We invite you to a exlusive combination of Motorland Aragon and Valencia&#8217;s Ricardo Tormo Circuit in the periode of September 29th &#8211; October 5th, 2026!<\/strong><\/h4>\n<p>You can also attend just one of the events. See information here for <a href=\"https:\/\/bikeport.no\/eu\/aragon-sept-2026\/\">Aragon September 29 &#8211; October 1st<\/a> and Valencia October 3 &#8211; 5th, 2026<br \/>\nMore nformation below:<\/p>\n<p>&nbsp;<\/p>\n<h4><strong>Prices Aragon+<\/strong><strong>Valencia <\/strong><strong>September\/October 2026:<\/strong><\/h4>\n<p>Trackdays only for 6 days: \u20ac1390,-<\/p>\n<p>Additional cost for parking in shared pitbox: \u20ac 50,- \/ day<br \/>\nAdditional transport cost from Bike-Hotel: N\/A<br \/>\nAdditional transport cost from DK\/SE to our Bike-Hotel: From \u20ac 299,- <strong>and includes the transport to these two event!<br \/>\n<\/strong><strong>Note: Prices increases with \u20ac10 per day 12 weeks before event starts, and then again with \u20ac10 two weeks before start of event!<\/strong><\/p>\n<p>[ESPRESSO_TICKET_SELECTOR event_id=2779]<\/p>\n<p>&nbsp;<\/p>\n<h4><strong>About BikePort:<\/strong><\/h4>\n<p>BIkePort started with Trackdays for motorbikes in 2006 at Northern Europe\u2019s most spectacular track, Arctic Circle Raceway (ACR).<\/p>\n<p>During those 17 years, we have steadily grown to supply the demand for high quality track time and have offered almost 100 events. We have become the largest private promotor of roadracing tracktime in Norway providing events at all of the Norwegian circuits and many of the Swedish tracks.<\/p>\n<p>Providing tracktime at Spanish circuits is a natural progression for us, and we are very pleased to announce that we are now offering a combination of our own events, and events partnered with Bike Promotion, always aiming to offer the best events you can attend with your motorbike!<\/p>\n<p>&nbsp;<\/p>\n<h4><strong>Services:<\/strong><\/h4>\n<ul>\n<li>Total 6 trackdays at Aragon and Valencia\n<ul>\n<li>Aragon Circuit September 29 &#8211; October 1st, 2026: <a href=\"https:\/\/www.motorlandaragon.com\/en\" target=\"_blank\" rel=\"noopener\">https:\/\/www.motorlandaragon.com\/en<\/a><\/li>\n<li>Valencia, Ricrdo Tormo Circuit, October 3-5th, 2026: <a href=\"https:\/\/www.circuitricardotormo.com\/\" target=\"_blank\" rel=\"noopener\">https:\/\/www.circuitricardotormo.com\/<\/a><\/li>\n<\/ul>\n<\/li>\n<li>Transport from Norway, sweden and Denmark<\/li>\n<li>Transport from our Bike-Hotel in Cartagena<\/li>\n<li>Tyre and Spare part service<\/li>\n<li>Optional Mechanic Service (If in need)<\/li>\n<li>Open Restaurant at the track<\/li>\n<li>Simple coaching<\/li>\n<li>Medic personnel from the track<\/li>\n<li>Track marshal service<\/li>\n<li>Time-keeping with online results<\/li>\n<li>Photo-service<\/li>\n<li>Optional extra insurance cover<\/li>\n<li>Optional Pitbox parking<\/li>\n<\/ul>\n<p>&nbsp;<\/p>\n<h4><strong>Transport of motorbike to Spain and to the circuit:<\/strong><\/h4>\n<p>We offer transport of your motorbike from Sweden and Denmark.<\/p>\n<p>Once your bike is stored at our Bike-Hotel, we offer to bring your bike to the circuit on all our events \u2013 hence you can meet up directly at the circuit and get your bike there. After the event we bring your bike back to our Bike-Hotel until next time you attend a trackday. In the spring, we transport the bike back to Sweden\/Denmark.<\/p>\n<p><strong>For this event the transport goes directly from Sweden\/Denmark to the track &#8211; Then to our warehouse in Cartagena after the event. There is no extra charges other than regular transport fee from Sweden\/denmark to Cartagena.<\/strong><\/p>\n<p>If you want to attend events we don\u2019t offer, you can collect the bike at the Bike-Hotel and attend any events and trackdays you deisred. If you need a small van to go to the circuit, we can get that as well \ud83d\ude42<\/p>\n<p>For information and booking of transport from Sweden and Denmark please visit this page:\u00a0<a href=\"https:\/\/bikeport.no\/eu\/transport\/\">https:\/\/bikeport.no\/eu\/transport\/<\/a><\/p>\n<p>Norwegian customers must book transport at the norwegian page:\u00a0<a href=\"https:\/\/bikeport.no\/blog\/transport-booking\/\">https:\/\/bikeport.no\/blog\/transport-booking\/<\/a><br \/>\nUnfortunately, we don\u2019t offer transport from other parts of Euope, but you are welcome to book and attend our trackdays.<\/p>\n<p>&nbsp;<\/p>\n<h4><strong>BikePort Tyre- and spare part service:<\/strong><\/h4>\n<p>We will be present at the track with our BikePort Store to service all our customers. And as always, we will have parts and equipment both for you and your bike if you need anything.<\/p>\n<p>We offer the following from our shop:<\/p>\n<ul>\n<li>Tyre Changing Services<\/li>\n<li>Tyres from\n<ul>\n<li>Dunlop<\/li>\n<li>Metzeler<\/li>\n<li>Michelin<\/li>\n<li>Pirelli<\/li>\n<\/ul>\n<\/li>\n<li>A wide variety of crash protection and spare parts for the most popular track bikes, including\n<ul>\n<li>Brake Pads<\/li>\n<li>GB Racing parts<\/li>\n<li>Motoholders parts<\/li>\n<li>Sprockets and chains<\/li>\n<li>Levellers<\/li>\n<\/ul>\n<\/li>\n<li>Tyre heaters<\/li>\n<li>+ much, much more<\/li>\n<\/ul>\n<p>&nbsp;<\/p>\n<h4><strong>Personal insurance on track?<\/strong><\/h4>\n<p>To attend trackdays with BikePort in Spain you need a personal insurance that is valid for injuries sustained if you crash on track.<\/p>\n<p>You can either have your own insurance (remember to bring insurance confirmation to the track), or you can buy one for the event from us (Daily rate \u20ac25,-). This insurance is provided through our trackday partner, Insurance cover overview is found here: <a href=\"https:\/\/bikeport.no\/eu\/personal-insurance\/\" target=\"_blank\" rel=\"noopener\">https:\/\/bikeport.no\/eu\/personal-insurance\/<\/a><\/p>\n<p>If you want to buy this insurance, please select this option on registration. You can change this option until the event starts.<\/p>\n<p>You will have to provide proof of insurance at track to be able to ride.<\/p>\n<p>&nbsp;<\/p>\n<h4><strong>Registered road motorbike?<\/strong><\/h4>\n<p>If your motorbike is registered for road use, you can still attend all of our Spanish events.<\/p>\n<p>&nbsp;<\/p>\n<h4><strong>Pitbox parking:<\/strong><\/h4>\n<p>If you would like to stay in one of the pitboxes during the event, please select that ticket option below when register. If you would like to share pitbox with one or several of your friends, please provide that information in the remark field when you register.<\/p>\n<p>&nbsp;<\/p>\n<h4><strong>ICE-contact information:<\/strong><\/h4>\n<p>For your own safety, we would like to have one \u201cIn case of emergency\u201d contact from you. Please provide that information on registration<\/p>\n<p>&nbsp;<\/p>\n<h4><strong>Registration deadline:<\/strong><\/h4>\n<p>With transport from Denmark\/Sweden &#8211; choose form these dates:<\/p>\n<ul>\n<li>September 20th, 2026<\/li>\n<li>Booking will be available soon<\/li>\n<\/ul>\n<p>See our transport page here: <a href=\"https:\/\/bikeport.no\/eu\/transport\/\">https:\/\/bikeport.no\/eu\/transport\/<\/a><br \/>\nWith transport from our Bike-Hotel: Not available for this event!<br \/>\nWithout transport: Day before event start (or fully booked event)<\/p>\n<p>&nbsp;<\/p>\n<h4><strong>Prices Aragon+<\/strong><strong>Valencia <\/strong><strong>September\/October 2026:<\/strong><\/h4>\n<p>Trackdays only for 6 days: \u20ac1390,-<\/p>\n<p>Additional cost for parking in shared pitbox: \u20ac 50,- \/ day<br \/>\nAdditional transport cost from Bike-Hotel: N\/A<br \/>\nAdditional transport cost from DK\/SE to our Bike-Hotel: From \u20ac 299,- <strong>and includes the transport to these two event!<br \/>\n<\/strong><strong>Note: Prices increases with \u20ac10 per day 12 weeks before event starts, and then again with \u20ac10 two weeks before start of event!<\/strong><\/p>\n<p>[ESPRESSO_TICKET_SELECTOR event_id=2779]<\/p>\n<p>&nbsp;<\/p>\n<h4><strong>Payment for Norwegian Customers:<\/strong><\/h4>\n<p>Alle banedager i Spania gj\u00f8res i regi av BikePort S.L. (CIF B10571206) for BikePort Europe AS.<\/p>\n<p><strong>Betaling gj\u00f8res i Euro til v\u00e5r Euro-kont. Betal til:<\/strong><\/p>\n<p><strong>BikePort Europe AS<br \/>\n<\/strong>Rudskogenveien 86<br \/>\n1894 Rakkestad<br \/>\nIBAN NO3842010838260<strong><br \/>\n<\/strong>Minimum \u20ac 125,-\u00a0 betales ved registrering dersom annet ikke er avtalt. Denne refunderes ikke ved en evt avbestilling.<br \/>\nResterende betales ca 14 dager f\u00f8r kj\u00f8ringen starter (du f\u00e5r da tilsendt faktura)<br \/>\n<strong>Du mottar har booket vil du motta booking-bekreftelse p\u00e5 epost. I denne eposten er det ogs\u00e5 informasjon om betaling.\u00a0<\/strong><\/p>\n<p>&nbsp;<\/p>\n<h4><strong>Payment for all other Customers (non-norwegian):<\/strong><\/h4>\n<p>BikePort S.L. (CIF B10571206) is the organizer for our spanish trackdays.<\/p>\n<p><strong>Payment in Euro must be made to<\/strong><\/p>\n<p><strong>BikePort SL (CIF B10571206)<\/strong><br \/>\nAv del carbono, 12<br \/>\n30369 Los Camachos, Cartagena<br \/>\nSpain<br \/>\nIBAN# <strong>ES35 0081 1015 7400 0164 4574<\/strong><\/p>\n<p>If you want to pay by debet- or creditcard, this can be done through PayPal (choose your option on registration).<\/p>\n<p><strong>For all customers:<\/strong><br \/>\nA deposit of minimum \u20ac125 is required upon registration unless otherwise is agreed. The deposti will not be refouded if you cancell your registration.<\/p>\n<p>The rest amount must be paid 14 days before the event start (minus the registration fee).<\/p>\n<p><strong>The deposit will be invoiced and makred as paid aprox 3 weeks before the event. You will receive a invoice for the main payment with due date 2 weeks before the event start (ref email sent to you on registration).<\/strong><\/p>\n<p>&nbsp;<\/p>\n<h4><strong>Registration:<\/strong><\/h4>\n<p>Choose your desired ticket below and finalize the registration after filling out your personal data.If you have your own transponder, we strongly recommend the use of this.<\/p>\n<p><strong>The registration will close automatically when the event is fully booked.<\/strong><\/p>\n<h4><\/h4>\n<p>[ESPRESSO_TICKET_SELECTOR event_id=2779]<\/p>\n<p>&nbsp;<\/p>\n<p><img loading=\"lazy\" decoding=\"async\" class=\"size-full wp-image-450 alignnone\" src=\"https:\/\/bikeport.no\/eu\/wp-content\/uploads\/sites\/3\/2020\/07\/aragon-wall.jpg\" alt=\"\" width=\"960\" height=\"640\" srcset=\"https:\/\/bikeport.no\/eu\/wp-content\/uploads\/sites\/3\/2020\/07\/aragon-wall.jpg 960w, https:\/\/bikeport.no\/eu\/wp-content\/uploads\/sites\/3\/2020\/07\/aragon-wall-480x320.jpg 480w\" sizes=\"(min-width: 0px) and (max-width: 480px) 480px, (min-width: 481px) 960px, 100vw\" \/><\/p>\n","protected":false},"excerpt":{"rendered":"<p>One exlusive week &#8211; two famous tracks! 6 days combo<\/p>\n","protected":false},"author":2,"featured_media":450,"comment_status":"closed","ping_status":"closed","sticky":false,"template":"","format":"standard","meta":{"_monsterinsights_skip_tracking":false,"_monsterinsights_sitenote_active":false,"_monsterinsights_sitenote_note":"","_monsterinsights_sitenote_category":0,"footnotes":""},"categories":[3,4],"tags":[],"class_list":["post-2786","post","type-post","status-publish","format-standard","has-post-thumbnail","hentry","category-trackdays","category-spain"],"yoast_head":"<!-- This site is optimized with the Yoast SEO plugin v27.3 - https:\/\/yoast.com\/product\/yoast-seo-wordpress\/ -->\n<title>Aragon+Valencia Combo Sept 29-Oct 5th, 2026 - BikePort - Europe<\/title>\n<meta name=\"robots\" content=\"index, follow, max-snippet:-1, max-image-preview:large, max-video-preview:-1\" \/>\n<link rel=\"canonical\" href=\"https:\/\/bikeport.no\/eu\/aragon-valencia-combo-sept-2026\/\" \/>\n<meta property=\"og:locale\" content=\"en_US\" \/>\n<meta property=\"og:type\" content=\"article\" \/>\n<meta property=\"og:title\" content=\"Aragon+Valencia Combo Sept 29-Oct 5th, 2026 - BikePort - Europe\" \/>\n<meta property=\"og:description\" content=\"One exlusive week - two famous tracks! 6 days combo\" \/>\n<meta property=\"og:url\" content=\"https:\/\/bikeport.no\/eu\/aragon-valencia-combo-sept-2026\/\" \/>\n<meta property=\"og:site_name\" content=\"BikePort - Europe\" \/>\n<meta property=\"article:published_time\" content=\"2026-01-29T15:59:32+00:00\" \/>\n<meta property=\"article:modified_time\" content=\"2026-03-27T13:42:32+00:00\" \/>\n<meta property=\"og:image\" content=\"https:\/\/bikeport.no\/eu\/wp-content\/uploads\/sites\/3\/2020\/07\/aragon-wall.jpg\" \/>\n\t<meta property=\"og:image:width\" content=\"960\" \/>\n\t<meta property=\"og:image:height\" content=\"640\" \/>\n\t<meta property=\"og:image:type\" content=\"image\/jpeg\" \/>\n<meta name=\"author\" content=\"Liz\" \/>\n<meta name=\"twitter:card\" content=\"summary_large_image\" \/>\n<meta name=\"twitter:label1\" content=\"Written by\" \/>\n\t<meta name=\"twitter:data1\" content=\"Liz\" \/>\n\t<meta name=\"twitter:label2\" content=\"Est. reading time\" \/>\n\t<meta name=\"twitter:data2\" content=\"6 minutes\" \/>\n<script type=\"application\/ld+json\" class=\"yoast-schema-graph\">{\"@context\":\"https:\\\/\\\/schema.org\",\"@graph\":[{\"@type\":\"Article\",\"@id\":\"https:\\\/\\\/bikeport.no\\\/eu\\\/aragon-valencia-combo-sept-2026\\\/#article\",\"isPartOf\":{\"@id\":\"https:\\\/\\\/bikeport.no\\\/eu\\\/aragon-valencia-combo-sept-2026\\\/\"},\"author\":{\"name\":\"Liz\",\"@id\":\"https:\\\/\\\/bikeport.no\\\/eu\\\/#\\\/schema\\\/person\\\/f725e267de9d9e2be2964e80da8f33a9\"},\"headline\":\"Aragon+Valencia Combo Sept 29-Oct 5th, 2026\",\"datePublished\":\"2026-01-29T15:59:32+00:00\",\"dateModified\":\"2026-03-27T13:42:32+00:00\",\"mainEntityOfPage\":{\"@id\":\"https:\\\/\\\/bikeport.no\\\/eu\\\/aragon-valencia-combo-sept-2026\\\/\"},\"wordCount\":1240,\"image\":{\"@id\":\"https:\\\/\\\/bikeport.no\\\/eu\\\/aragon-valencia-combo-sept-2026\\\/#primaryimage\"},\"thumbnailUrl\":\"https:\\\/\\\/bikeport.no\\\/eu\\\/wp-content\\\/uploads\\\/sites\\\/3\\\/2020\\\/07\\\/aragon-wall.jpg\",\"articleSection\":[\"Trackdays\",\"Trackdays Spain\"],\"inLanguage\":\"en-US\"},{\"@type\":\"WebPage\",\"@id\":\"https:\\\/\\\/bikeport.no\\\/eu\\\/aragon-valencia-combo-sept-2026\\\/\",\"url\":\"https:\\\/\\\/bikeport.no\\\/eu\\\/aragon-valencia-combo-sept-2026\\\/\",\"name\":\"Aragon+Valencia Combo Sept 29-Oct 5th, 2026 - BikePort - Europe\",\"isPartOf\":{\"@id\":\"https:\\\/\\\/bikeport.no\\\/eu\\\/#website\"},\"primaryImageOfPage\":{\"@id\":\"https:\\\/\\\/bikeport.no\\\/eu\\\/aragon-valencia-combo-sept-2026\\\/#primaryimage\"},\"image\":{\"@id\":\"https:\\\/\\\/bikeport.no\\\/eu\\\/aragon-valencia-combo-sept-2026\\\/#primaryimage\"},\"thumbnailUrl\":\"https:\\\/\\\/bikeport.no\\\/eu\\\/wp-content\\\/uploads\\\/sites\\\/3\\\/2020\\\/07\\\/aragon-wall.jpg\",\"datePublished\":\"2026-01-29T15:59:32+00:00\",\"dateModified\":\"2026-03-27T13:42:32+00:00\",\"author\":{\"@id\":\"https:\\\/\\\/bikeport.no\\\/eu\\\/#\\\/schema\\\/person\\\/f725e267de9d9e2be2964e80da8f33a9\"},\"breadcrumb\":{\"@id\":\"https:\\\/\\\/bikeport.no\\\/eu\\\/aragon-valencia-combo-sept-2026\\\/#breadcrumb\"},\"inLanguage\":\"en-US\",\"potentialAction\":[{\"@type\":\"ReadAction\",\"target\":[\"https:\\\/\\\/bikeport.no\\\/eu\\\/aragon-valencia-combo-sept-2026\\\/\"]}]},{\"@type\":\"ImageObject\",\"inLanguage\":\"en-US\",\"@id\":\"https:\\\/\\\/bikeport.no\\\/eu\\\/aragon-valencia-combo-sept-2026\\\/#primaryimage\",\"url\":\"https:\\\/\\\/bikeport.no\\\/eu\\\/wp-content\\\/uploads\\\/sites\\\/3\\\/2020\\\/07\\\/aragon-wall.jpg\",\"contentUrl\":\"https:\\\/\\\/bikeport.no\\\/eu\\\/wp-content\\\/uploads\\\/sites\\\/3\\\/2020\\\/07\\\/aragon-wall.jpg\",\"width\":960,\"height\":640},{\"@type\":\"BreadcrumbList\",\"@id\":\"https:\\\/\\\/bikeport.no\\\/eu\\\/aragon-valencia-combo-sept-2026\\\/#breadcrumb\",\"itemListElement\":[{\"@type\":\"ListItem\",\"position\":1,\"name\":\"Home\",\"item\":\"https:\\\/\\\/bikeport.no\\\/eu\\\/\"},{\"@type\":\"ListItem\",\"position\":2,\"name\":\"Aragon+Valencia Combo Sept 29-Oct 5th, 2026\"}]},{\"@type\":\"WebSite\",\"@id\":\"https:\\\/\\\/bikeport.no\\\/eu\\\/#website\",\"url\":\"https:\\\/\\\/bikeport.no\\\/eu\\\/\",\"name\":\"BikePort - Europe\",\"description\":\"Just another BikePort Sites site\",\"potentialAction\":[{\"@type\":\"SearchAction\",\"target\":{\"@type\":\"EntryPoint\",\"urlTemplate\":\"https:\\\/\\\/bikeport.no\\\/eu\\\/?s={search_term_string}\"},\"query-input\":{\"@type\":\"PropertyValueSpecification\",\"valueRequired\":true,\"valueName\":\"search_term_string\"}}],\"inLanguage\":\"en-US\"},{\"@type\":\"Person\",\"@id\":\"https:\\\/\\\/bikeport.no\\\/eu\\\/#\\\/schema\\\/person\\\/f725e267de9d9e2be2964e80da8f33a9\",\"name\":\"Liz\",\"image\":{\"@type\":\"ImageObject\",\"inLanguage\":\"en-US\",\"@id\":\"https:\\\/\\\/secure.gravatar.com\\\/avatar\\\/3f8ac790806fa8a3295bae0b403401d45c0f123d7e9ef0f335df5fd7931b03f6?s=96&d=mm&r=g\",\"url\":\"https:\\\/\\\/secure.gravatar.com\\\/avatar\\\/3f8ac790806fa8a3295bae0b403401d45c0f123d7e9ef0f335df5fd7931b03f6?s=96&d=mm&r=g\",\"contentUrl\":\"https:\\\/\\\/secure.gravatar.com\\\/avatar\\\/3f8ac790806fa8a3295bae0b403401d45c0f123d7e9ef0f335df5fd7931b03f6?s=96&d=mm&r=g\",\"caption\":\"Liz\"},\"url\":\"https:\\\/\\\/bikeport.no\\\/eu\\\/author\\\/liz\\\/\"}]}<\/script>\n<!-- \/ Yoast SEO plugin. -->","yoast_head_json":{"title":"Aragon+Valencia Combo Sept 29-Oct 5th, 2026 - BikePort - Europe","robots":{"index":"index","follow":"follow","max-snippet":"max-snippet:-1","max-image-preview":"max-image-preview:large","max-video-preview":"max-video-preview:-1"},"canonical":"https:\/\/bikeport.no\/eu\/aragon-valencia-combo-sept-2026\/","og_locale":"en_US","og_type":"article","og_title":"Aragon+Valencia Combo Sept 29-Oct 5th, 2026 - BikePort - Europe","og_description":"One exlusive week - two famous tracks! 6 days combo","og_url":"https:\/\/bikeport.no\/eu\/aragon-valencia-combo-sept-2026\/","og_site_name":"BikePort - Europe","article_published_time":"2026-01-29T15:59:32+00:00","article_modified_time":"2026-03-27T13:42:32+00:00","og_image":[{"width":960,"height":640,"url":"https:\/\/bikeport.no\/eu\/wp-content\/uploads\/sites\/3\/2020\/07\/aragon-wall.jpg","type":"image\/jpeg"}],"author":"Liz","twitter_card":"summary_large_image","twitter_misc":{"Written by":"Liz","Est. reading time":"6 minutes"},"schema":{"@context":"https:\/\/schema.org","@graph":[{"@type":"Article","@id":"https:\/\/bikeport.no\/eu\/aragon-valencia-combo-sept-2026\/#article","isPartOf":{"@id":"https:\/\/bikeport.no\/eu\/aragon-valencia-combo-sept-2026\/"},"author":{"name":"Liz","@id":"https:\/\/bikeport.no\/eu\/#\/schema\/person\/f725e267de9d9e2be2964e80da8f33a9"},"headline":"Aragon+Valencia Combo Sept 29-Oct 5th, 2026","datePublished":"2026-01-29T15:59:32+00:00","dateModified":"2026-03-27T13:42:32+00:00","mainEntityOfPage":{"@id":"https:\/\/bikeport.no\/eu\/aragon-valencia-combo-sept-2026\/"},"wordCount":1240,"image":{"@id":"https:\/\/bikeport.no\/eu\/aragon-valencia-combo-sept-2026\/#primaryimage"},"thumbnailUrl":"https:\/\/bikeport.no\/eu\/wp-content\/uploads\/sites\/3\/2020\/07\/aragon-wall.jpg","articleSection":["Trackdays","Trackdays Spain"],"inLanguage":"en-US"},{"@type":"WebPage","@id":"https:\/\/bikeport.no\/eu\/aragon-valencia-combo-sept-2026\/","url":"https:\/\/bikeport.no\/eu\/aragon-valencia-combo-sept-2026\/","name":"Aragon+Valencia Combo Sept 29-Oct 5th, 2026 - BikePort - Europe","isPartOf":{"@id":"https:\/\/bikeport.no\/eu\/#website"},"primaryImageOfPage":{"@id":"https:\/\/bikeport.no\/eu\/aragon-valencia-combo-sept-2026\/#primaryimage"},"image":{"@id":"https:\/\/bikeport.no\/eu\/aragon-valencia-combo-sept-2026\/#primaryimage"},"thumbnailUrl":"https:\/\/bikeport.no\/eu\/wp-content\/uploads\/sites\/3\/2020\/07\/aragon-wall.jpg","datePublished":"2026-01-29T15:59:32+00:00","dateModified":"2026-03-27T13:42:32+00:00","author":{"@id":"https:\/\/bikeport.no\/eu\/#\/schema\/person\/f725e267de9d9e2be2964e80da8f33a9"},"breadcrumb":{"@id":"https:\/\/bikeport.no\/eu\/aragon-valencia-combo-sept-2026\/#breadcrumb"},"inLanguage":"en-US","potentialAction":[{"@type":"ReadAction","target":["https:\/\/bikeport.no\/eu\/aragon-valencia-combo-sept-2026\/"]}]},{"@type":"ImageObject","inLanguage":"en-US","@id":"https:\/\/bikeport.no\/eu\/aragon-valencia-combo-sept-2026\/#primaryimage","url":"https:\/\/bikeport.no\/eu\/wp-content\/uploads\/sites\/3\/2020\/07\/aragon-wall.jpg","contentUrl":"https:\/\/bikeport.no\/eu\/wp-content\/uploads\/sites\/3\/2020\/07\/aragon-wall.jpg","width":960,"height":640},{"@type":"BreadcrumbList","@id":"https:\/\/bikeport.no\/eu\/aragon-valencia-combo-sept-2026\/#breadcrumb","itemListElement":[{"@type":"ListItem","position":1,"name":"Home","item":"https:\/\/bikeport.no\/eu\/"},{"@type":"ListItem","position":2,"name":"Aragon+Valencia Combo Sept 29-Oct 5th, 2026"}]},{"@type":"WebSite","@id":"https:\/\/bikeport.no\/eu\/#website","url":"https:\/\/bikeport.no\/eu\/","name":"BikePort - Europe","description":"Just another BikePort Sites site","potentialAction":[{"@type":"SearchAction","target":{"@type":"EntryPoint","urlTemplate":"https:\/\/bikeport.no\/eu\/?s={search_term_string}"},"query-input":{"@type":"PropertyValueSpecification","valueRequired":true,"valueName":"search_term_string"}}],"inLanguage":"en-US"},{"@type":"Person","@id":"https:\/\/bikeport.no\/eu\/#\/schema\/person\/f725e267de9d9e2be2964e80da8f33a9","name":"Liz","image":{"@type":"ImageObject","inLanguage":"en-US","@id":"https:\/\/secure.gravatar.com\/avatar\/3f8ac790806fa8a3295bae0b403401d45c0f123d7e9ef0f335df5fd7931b03f6?s=96&d=mm&r=g","url":"https:\/\/secure.gravatar.com\/avatar\/3f8ac790806fa8a3295bae0b403401d45c0f123d7e9ef0f335df5fd7931b03f6?s=96&d=mm&r=g","contentUrl":"https:\/\/secure.gravatar.com\/avatar\/3f8ac790806fa8a3295bae0b403401d45c0f123d7e9ef0f335df5fd7931b03f6?s=96&d=mm&r=g","caption":"Liz"},"url":"https:\/\/bikeport.no\/eu\/author\/liz\/"}]}},"_links":{"self":[{"href":"https:\/\/bikeport.no\/eu\/wp-json\/wp\/v2\/posts\/2786","targetHints":{"allow":["GET"]}}],"collection":[{"href":"https:\/\/bikeport.no\/eu\/wp-json\/wp\/v2\/posts"}],"about":[{"href":"https:\/\/bikeport.no\/eu\/wp-json\/wp\/v2\/types\/post"}],"author":[{"embeddable":true,"href":"https:\/\/bikeport.no\/eu\/wp-json\/wp\/v2\/users\/2"}],"replies":[{"embeddable":true,"href":"https:\/\/bikeport.no\/eu\/wp-json\/wp\/v2\/comments?post=2786"}],"version-history":[{"count":5,"href":"https:\/\/bikeport.no\/eu\/wp-json\/wp\/v2\/posts\/2786\/revisions"}],"predecessor-version":[{"id":2916,"href":"https:\/\/bikeport.no\/eu\/wp-json\/wp\/v2\/posts\/2786\/revisions\/2916"}],"wp:featuredmedia":[{"embeddable":true,"href":"https:\/\/bikeport.no\/eu\/wp-json\/wp\/v2\/media\/450"}],"wp:attachment":[{"href":"https:\/\/bikeport.no\/eu\/wp-json\/wp\/v2\/media?parent=2786"}],"wp:term":[{"taxonomy":"category","embeddable":true,"href":"https:\/\/bikeport.no\/eu\/wp-json\/wp\/v2\/categories?post=2786"},{"taxonomy":"post_tag","embeddable":true,"href":"https:\/\/bikeport.no\/eu\/wp-json\/wp\/v2\/tags?post=2786"}],"curies":[{"name":"wp","href":"https:\/\/api.w.org\/{rel}","templated":true}]}}